{"id":1150,"date":"2022-08-08T12:01:00","date_gmt":"2022-08-08T10:01:00","guid":{"rendered":"https:\/\/fe-promotion.de\/?p=1150"},"modified":"2023-12-19T13:52:56","modified_gmt":"2023-12-19T12:52:56","slug":"fe-promotion-wird-werder-bremen-premium-partner","status":"publish","type":"post","link":"https:\/\/fe-promotion.de\/blog\/fe-promotion-wird-werder-bremen-premium-partner\/","title":{"rendered":"FE Promotion wird Werder Bremen Premium Partner"},"content":{"rendered":"\n<p>Letztes Jahr August w\u00e4ren wir noch f\u00fcr wahnsinnig erkl\u00e4rt worden. Heute ist der Wahnsinn Realit\u00e4t: ab jetzt sind wir nicht nur Fans, sondern auch offizieller Premium-Partner unseres Heimat-Vereines.<\/p>\n","protected":false},"excerpt":{"rendered":"<p>Letztes Jahr August w\u00e4ren wir noch f\u00fcr wahnsinnig erkl\u00e4rt worden. Heute ist der Wahnsinn Realit\u00e4t: ab jetzt sind wir nicht nur Fans, sondern auch offizieller Premium-Partner unseres Heimat-Vereines.<\/p>\n","protected":false},"author":2,"featured_media":1151,"comment_status":"closed","ping_status":"open","sticky":false,"template":"","format":"standard","meta":{"_acf_changed":false,"_et_pb_use_builder":"off","_et_pb_old_content":"\n<p>Letztes Jahr August w\u00e4ren wir noch f\u00fcr wahnsinnig erkl\u00e4rt worden. Heute ist der Wahnsinn Realit\u00e4t: ab jetzt sind wir nicht nur Fans, sondern auch offizieller Premium-Partner unseres Heimat-Vereines.<\/p>\n","_et_gb_content_width":"","footnotes":""},"categories":[15],"tags":[13,12],"dipi_cpt_category":[],"class_list":["post-1150","post","type-post","status-publish","format-standard","has-post-thumbnail","hentry","category-werder-bremen","tag-fe-promotion","tag-werder-bremen"],"acf":[],"xmdu_head":"\n<title>FE Promotion wird Werder Bremen Premium Partner - FE Promotion<\/title>\n<meta name=\"description\" content=\"Ab jetzt sind wir nicht nur Fans, sondern auch offizieller Premium-Partner unseres Heimat-Vereines Werder Bremen.\" \/>\n<meta name=\"robots\" content=\"index, follow, max-snippet:-1, max-image-preview:large, max-video-preview:-1\" \/>\n<link rel=\"canonical\" href=\"https:\/\/fe-promotion.de\/blog\/fe-promotion-wird-werder-bremen-premium-partner\/\" \/>\n<meta property=\"og:locale\" content=\"de_DE\" \/>\n<meta property=\"og:type\" content=\"article\" \/>\n<meta property=\"og:title\" content=\"FE Promotion wird Werder Bremen Premium Partner - FE Promotion\" \/>\n<meta property=\"og:description\" content=\"Ab jetzt sind wir nicht nur Fans, sondern auch offizieller Premium-Partner unseres Heimat-Vereines Werder Bremen.\" \/>\n<meta property=\"og:url\" content=\"https:\/\/fe-promotion.de\/blog\/fe-promotion-wird-werder-bremen-premium-partner\/\" \/>\n<meta property=\"og:site_name\" content=\"FE Promotion\" \/>\n<meta property=\"article:publisher\" content=\"https:\/\/www.facebook.com\/FEPromotionGmbH\/\" \/>\n<meta property=\"article:published_time\" content=\"2022-08-08T10:01:00+00:00\" \/>\n<meta property=\"article:modified_time\" content=\"2023-12-19T12:52:56+00:00\" \/>\n<meta property=\"og:image\" content=\"https:\/\/fe-promotion.de\/feg_content\/uploads\/2023\/12\/FE-Promotion-x-Werder-Bremen-2022.jpg\" \/>\n\t<meta property=\"og:image:width\" content=\"800\" \/>\n\t<meta property=\"og:image:height\" content=\"420\" \/>\n\t<meta property=\"og:image:type\" content=\"image\/jpeg\" \/>\n<meta name=\"author\" content=\"fe_promotion\" \/>\n<meta name=\"twitter:card\" content=\"summary_large_image\" \/>\n<meta name=\"twitter:label1\" content=\"Verfasst von\" \/>\n\t<meta name=\"twitter:data1\" content=\"fe_promotion\" \/>\n\t<meta name=\"twitter:label2\" content=\"Gesch\u00e4tzte Lesezeit\" \/>\n\t<meta name=\"twitter:data2\" content=\"1\u00a0Minute\" \/>\n<script type=\"application\/ld+json\" class=\"xmdu-schema-graph\">{\"@context\":\"https:\/\/schema.org\",\"@graph\":[{\"@type\":\"Article\",\"@id\":\"https:\/\/fe-promotion.de\/blog\/fe-promotion-wird-werder-bremen-premium-partner\/#article\",\"isPartOf\":{\"@id\":\"https:\/\/fe-promotion.de\/blog\/fe-promotion-wird-werder-bremen-premium-partner\/\"},\"author\":{\"name\":\"fe_promotion\",\"@id\":\"https:\/\/fe-promotion.de\/#\/schema\/person\/637b22cb14386c7ec073a3599d3e83ce\"},\"headline\":\"FE Promotion wird Werder Bremen Premium Partner\",\"datePublished\":\"2022-08-08T10:01:00+00:00\",\"dateModified\":\"2023-12-19T12:52:56+00:00\",\"mainEntityOfPage\":{\"@id\":\"https:\/\/fe-promotion.de\/blog\/fe-promotion-wird-werder-bremen-premium-partner\/\"},\"wordCount\":39,\"publisher\":{\"@id\":\"https:\/\/fe-promotion.de\/#organization\"},\"image\":{\"@id\":\"https:\/\/fe-promotion.de\/blog\/fe-promotion-wird-werder-bremen-premium-partner\/#primaryimage\"},\"thumbnailUrl\":\"https:\/\/fe-promotion.de\/feg_content\/uploads\/2023\/12\/FE-Promotion-x-Werder-Bremen-2022.jpg\",\"keywords\":[\"fe promotion\",\"werder bremen\"],\"articleSection\":[\"Werder Bremen\"],\"inLanguage\":\"de\"},{\"@type\":\"WebPage\",\"@id\":\"https:\/\/fe-promotion.de\/blog\/fe-promotion-wird-werder-bremen-premium-partner\/\",\"url\":\"https:\/\/fe-promotion.de\/blog\/fe-promotion-wird-werder-bremen-premium-partner\/\",\"name\":\"FE Promotion wird Werder Bremen Premium Partner - FE Promotion\",\"isPartOf\":{\"@id\":\"https:\/\/fe-promotion.de\/#website\"},\"primaryImageOfPage\":{\"@id\":\"https:\/\/fe-promotion.de\/blog\/fe-promotion-wird-werder-bremen-premium-partner\/#primaryimage\"},\"image\":{\"@id\":\"https:\/\/fe-promotion.de\/blog\/fe-promotion-wird-werder-bremen-premium-partner\/#primaryimage\"},\"thumbnailUrl\":\"https:\/\/fe-promotion.de\/feg_content\/uploads\/2023\/12\/FE-Promotion-x-Werder-Bremen-2022.jpg\",\"datePublished\":\"2022-08-08T10:01:00+00:00\",\"dateModified\":\"2023-12-19T12:52:56+00:00\",\"description\":\"Ab jetzt sind wir nicht nur Fans, sondern auch offizieller Premium-Partner unseres Heimat-Vereines Werder Bremen.\",\"breadcrumb\":{\"@id\":\"https:\/\/fe-promotion.de\/blog\/fe-promotion-wird-werder-bremen-premium-partner\/#breadcrumb\"},\"inLanguage\":\"de\",\"potentialAction\":[{\"@type\":\"ReadAction\",\"target\":[\"https:\/\/fe-promotion.de\/blog\/fe-promotion-wird-werder-bremen-premium-partner\/\"]}]},{\"@type\":\"ImageObject\",\"inLanguage\":\"de\",\"@id\":\"https:\/\/fe-promotion.de\/blog\/fe-promotion-wird-werder-bremen-premium-partner\/#primaryimage\",\"url\":\"https:\/\/fe-promotion.de\/feg_content\/uploads\/2023\/12\/FE-Promotion-x-Werder-Bremen-2022.jpg\",\"contentUrl\":\"https:\/\/fe-promotion.de\/feg_content\/uploads\/2023\/12\/FE-Promotion-x-Werder-Bremen-2022.jpg\",\"width\":800,\"height\":420,\"caption\":\"FE Promotion x Werder Bremen 2022 - Florian Aydt, Pouria Daftari & Klaus Filbry im Bremer Weserstadion.\"},{\"@type\":\"BreadcrumbList\",\"@id\":\"https:\/\/fe-promotion.de\/blog\/fe-promotion-wird-werder-bremen-premium-partner\/#breadcrumb\",\"itemListElement\":[{\"@type\":\"ListItem\",\"position\":1,\"name\":\"Startseite\",\"item\":\"https:\/\/fe-promotion.de\/\"},{\"@type\":\"ListItem\",\"position\":2,\"name\":\"FE Promotion wird Werder Bremen Premium Partner\"}]},{\"@type\":\"WebSite\",\"@id\":\"https:\/\/fe-promotion.de\/#website\",\"url\":\"https:\/\/fe-promotion.de\/\",\"name\":\"FE Promotion\",\"description\":\"Wir schreiben FErtrieb neu!\",\"publisher\":{\"@id\":\"https:\/\/fe-promotion.de\/#organization\"},\"potentialAction\":[{\"@type\":\"SearchAction\",\"target\":{\"@type\":\"EntryPoint\",\"urlTemplate\":\"https:\/\/fe-promotion.de\/?s={search_term_string}\"},\"query-input\":{\"@type\":\"PropertyValueSpecification\",\"valueRequired\":true,\"valueName\":\"search_term_string\"}}],\"inLanguage\":\"de\"},{\"@type\":\"Organization\",\"@id\":\"https:\/\/fe-promotion.de\/#organization\",\"name\":\"FE Promotion\",\"url\":\"https:\/\/fe-promotion.de\/\",\"logo\":{\"@type\":\"ImageObject\",\"inLanguage\":\"de\",\"@id\":\"https:\/\/fe-promotion.de\/#\/schema\/logo\/image\/\",\"url\":\"https:\/\/fe-promotion.de\/feg_content\/uploads\/2024\/04\/FEP_Logo.jpg\",\"contentUrl\":\"https:\/\/fe-promotion.de\/feg_content\/uploads\/2024\/04\/FEP_Logo.jpg\",\"width\":520,\"height\":337,\"caption\":\"FE Promotion\"},\"image\":{\"@id\":\"https:\/\/fe-promotion.de\/#\/schema\/logo\/image\/\"},\"sameAs\":[\"https:\/\/www.facebook.com\/FEPromotionGmbH\/\",\"http:\/\/www.instagram.com\/fe.promotion\",\"https:\/\/www.linkedin.com\/company\/fe-promotion\/\",\"https:\/\/www.instagram.com\/fe.promotion\",\"https:\/\/www.tiktok.com\/@fe.promotion\"]},{\"@type\":\"Person\",\"@id\":\"https:\/\/fe-promotion.de\/#\/schema\/person\/637b22cb14386c7ec073a3599d3e83ce\",\"name\":\"fe_promotion\",\"image\":{\"@type\":\"ImageObject\",\"inLanguage\":\"de\",\"@id\":\"https:\/\/fe-promotion.de\/#\/schema\/person\/image\/\",\"url\":\"https:\/\/secure.gravatar.com\/avatar\/52555c57b4954a97e7461eeeecac581de366a116cdcd4c0c5aaff80e236131ab?s=96&d=mm&r=g\",\"contentUrl\":\"https:\/\/secure.gravatar.com\/avatar\/52555c57b4954a97e7461eeeecac581de366a116cdcd4c0c5aaff80e236131ab?s=96&d=mm&r=g\",\"caption\":\"fe_promotion\"},\"url\":\"https:\/\/fe-promotion.de\/blog\/author\/fe_promotion\/\"}]}<\/script>\n","xmdu_head_json":{"title":"FE Promotion wird Werder Bremen Premium Partner - FE Promotion","description":"Ab jetzt sind wir nicht nur Fans, sondern auch offizieller Premium-Partner unseres Heimat-Vereines Werder Bremen.","robots":{"index":"index","follow":"follow","max-snippet":"max-snippet:-1","max-image-preview":"max-image-preview:large","max-video-preview":"max-video-preview:-1"},"canonical":"https:\/\/fe-promotion.de\/blog\/fe-promotion-wird-werder-bremen-premium-partner\/","og_locale":"de_DE","og_type":"article","og_title":"FE Promotion wird Werder Bremen Premium Partner - FE Promotion","og_description":"Ab jetzt sind wir nicht nur Fans, sondern auch offizieller Premium-Partner unseres Heimat-Vereines Werder Bremen.","og_url":"https:\/\/fe-promotion.de\/blog\/fe-promotion-wird-werder-bremen-premium-partner\/","og_site_name":"FE Promotion","article_publisher":"https:\/\/www.facebook.com\/FEPromotionGmbH\/","article_published_time":"2022-08-08T10:01:00+00:00","article_modified_time":"2023-12-19T12:52:56+00:00","og_image":[{"width":800,"height":420,"url":"https:\/\/fe-promotion.de\/feg_content\/uploads\/2023\/12\/FE-Promotion-x-Werder-Bremen-2022.jpg","type":"image\/jpeg"}],"author":"fe_promotion","twitter_card":"summary_large_image","twitter_misc":{"Verfasst von":"fe_promotion","Gesch\u00e4tzte Lesezeit":"1\u00a0Minute"},"schema":{"@context":"https:\/\/schema.org","@graph":[{"@type":"Article","@id":"https:\/\/fe-promotion.de\/blog\/fe-promotion-wird-werder-bremen-premium-partner\/#article","isPartOf":{"@id":"https:\/\/fe-promotion.de\/blog\/fe-promotion-wird-werder-bremen-premium-partner\/"},"author":{"name":"fe_promotion","@id":"https:\/\/fe-promotion.de\/#\/schema\/person\/637b22cb14386c7ec073a3599d3e83ce"},"headline":"FE Promotion wird Werder Bremen Premium Partner","datePublished":"2022-08-08T10:01:00+00:00","dateModified":"2023-12-19T12:52:56+00:00","mainEntityOfPage":{"@id":"https:\/\/fe-promotion.de\/blog\/fe-promotion-wird-werder-bremen-premium-partner\/"},"wordCount":39,"publisher":{"@id":"https:\/\/fe-promotion.de\/#organization"},"image":{"@id":"https:\/\/fe-promotion.de\/blog\/fe-promotion-wird-werder-bremen-premium-partner\/#primaryimage"},"thumbnailUrl":"https:\/\/fe-promotion.de\/feg_content\/uploads\/2023\/12\/FE-Promotion-x-Werder-Bremen-2022.jpg","keywords":["fe promotion","werder bremen"],"articleSection":["Werder Bremen"],"inLanguage":"de"},{"@type":"WebPage","@id":"https:\/\/fe-promotion.de\/blog\/fe-promotion-wird-werder-bremen-premium-partner\/","url":"https:\/\/fe-promotion.de\/blog\/fe-promotion-wird-werder-bremen-premium-partner\/","name":"FE Promotion wird Werder Bremen Premium Partner - FE Promotion","isPartOf":{"@id":"https:\/\/fe-promotion.de\/#website"},"primaryImageOfPage":{"@id":"https:\/\/fe-promotion.de\/blog\/fe-promotion-wird-werder-bremen-premium-partner\/#primaryimage"},"image":{"@id":"https:\/\/fe-promotion.de\/blog\/fe-promotion-wird-werder-bremen-premium-partner\/#primaryimage"},"thumbnailUrl":"https:\/\/fe-promotion.de\/feg_content\/uploads\/2023\/12\/FE-Promotion-x-Werder-Bremen-2022.jpg","datePublished":"2022-08-08T10:01:00+00:00","dateModified":"2023-12-19T12:52:56+00:00","description":"Ab jetzt sind wir nicht nur Fans, sondern auch offizieller Premium-Partner unseres Heimat-Vereines Werder Bremen.","breadcrumb":{"@id":"https:\/\/fe-promotion.de\/blog\/fe-promotion-wird-werder-bremen-premium-partner\/#breadcrumb"},"inLanguage":"de","potentialAction":[{"@type":"ReadAction","target":["https:\/\/fe-promotion.de\/blog\/fe-promotion-wird-werder-bremen-premium-partner\/"]}]},{"@type":"ImageObject","inLanguage":"de","@id":"https:\/\/fe-promotion.de\/blog\/fe-promotion-wird-werder-bremen-premium-partner\/#primaryimage","url":"https:\/\/fe-promotion.de\/feg_content\/uploads\/2023\/12\/FE-Promotion-x-Werder-Bremen-2022.jpg","contentUrl":"https:\/\/fe-promotion.de\/feg_content\/uploads\/2023\/12\/FE-Promotion-x-Werder-Bremen-2022.jpg","width":800,"height":420,"caption":"FE Promotion x Werder Bremen 2022 - Florian Aydt, Pouria Daftari & Klaus Filbry im Bremer Weserstadion."},{"@type":"BreadcrumbList","@id":"https:\/\/fe-promotion.de\/blog\/fe-promotion-wird-werder-bremen-premium-partner\/#breadcrumb","itemListElement":[{"@type":"ListItem","position":1,"name":"Startseite","item":"https:\/\/fe-promotion.de\/"},{"@type":"ListItem","position":2,"name":"FE Promotion wird Werder Bremen Premium Partner"}]},{"@type":"WebSite","@id":"https:\/\/fe-promotion.de\/#website","url":"https:\/\/fe-promotion.de\/","name":"FE Promotion","description":"Wir schreiben FErtrieb neu!","publisher":{"@id":"https:\/\/fe-promotion.de\/#organization"},"potentialAction":[{"@type":"SearchAction","target":{"@type":"EntryPoint","urlTemplate":"https:\/\/fe-promotion.de\/?s={search_term_string}"},"query-input":{"@type":"PropertyValueSpecification","valueRequired":true,"valueName":"search_term_string"}}],"inLanguage":"de"},{"@type":"Organization","@id":"https:\/\/fe-promotion.de\/#organization","name":"FE Promotion","url":"https:\/\/fe-promotion.de\/","logo":{"@type":"ImageObject","inLanguage":"de","@id":"https:\/\/fe-promotion.de\/#\/schema\/logo\/image\/","url":"https:\/\/fe-promotion.de\/feg_content\/uploads\/2024\/04\/FEP_Logo.jpg","contentUrl":"https:\/\/fe-promotion.de\/feg_content\/uploads\/2024\/04\/FEP_Logo.jpg","width":520,"height":337,"caption":"FE Promotion"},"image":{"@id":"https:\/\/fe-promotion.de\/#\/schema\/logo\/image\/"},"sameAs":["https:\/\/www.facebook.com\/FEPromotionGmbH\/","http:\/\/www.instagram.com\/fe.promotion","https:\/\/www.linkedin.com\/company\/fe-promotion\/","https:\/\/www.instagram.com\/fe.promotion","https:\/\/www.tiktok.com\/@fe.promotion"]},{"@type":"Person","@id":"https:\/\/fe-promotion.de\/#\/schema\/person\/637b22cb14386c7ec073a3599d3e83ce","name":"fe_promotion","image":{"@type":"ImageObject","inLanguage":"de","@id":"https:\/\/fe-promotion.de\/#\/schema\/person\/image\/","url":"https:\/\/secure.gravatar.com\/avatar\/52555c57b4954a97e7461eeeecac581de366a116cdcd4c0c5aaff80e236131ab?s=96&d=mm&r=g","contentUrl":"https:\/\/secure.gravatar.com\/avatar\/52555c57b4954a97e7461eeeecac581de366a116cdcd4c0c5aaff80e236131ab?s=96&d=mm&r=g","caption":"fe_promotion"},"url":"https:\/\/fe-promotion.de\/blog\/author\/fe_promotion\/"}]}},"_links":{"self":[{"href":"https:\/\/fe-promotion.de\/app-api\/wp\/v2\/posts\/1150","targetHints":{"allow":["GET"]}}],"collection":[{"href":"https:\/\/fe-promotion.de\/app-api\/wp\/v2\/posts"}],"about":[{"href":"https:\/\/fe-promotion.de\/app-api\/wp\/v2\/types\/post"}],"author":[{"embeddable":true,"href":"https:\/\/fe-promotion.de\/app-api\/wp\/v2\/users\/2"}],"replies":[{"embeddable":true,"href":"https:\/\/fe-promotion.de\/app-api\/wp\/v2\/comments?post=1150"}],"version-history":[{"count":3,"href":"https:\/\/fe-promotion.de\/app-api\/wp\/v2\/posts\/1150\/revisions"}],"predecessor-version":[{"id":1157,"href":"https:\/\/fe-promotion.de\/app-api\/wp\/v2\/posts\/1150\/revisions\/1157"}],"wp:featuredmedia":[{"embeddable":true,"href":"https:\/\/fe-promotion.de\/app-api\/wp\/v2\/media\/1151"}],"wp:attachment":[{"href":"https:\/\/fe-promotion.de\/app-api\/wp\/v2\/media?parent=1150"}],"wp:term":[{"taxonomy":"category","embeddable":true,"href":"https:\/\/fe-promotion.de\/app-api\/wp\/v2\/categories?post=1150"},{"taxonomy":"post_tag","embeddable":true,"href":"https:\/\/fe-promotion.de\/app-api\/wp\/v2\/tags?post=1150"},{"taxonomy":"dipi_cpt_category","embeddable":true,"href":"https:\/\/fe-promotion.de\/app-api\/wp\/v2\/dipi_cpt_category?post=1150"}],"curies":[{"name":"wp","href":"https:\/\/api.w.org\/{rel}","templated":true}]}}